{"id":99,"date":"2013-01-09T23:47:33","date_gmt":"2013-01-09T23:47:33","guid":{"rendered":"http:\/\/giers.wordpress.com\/2013\/01\/09\/vorwarts-von-der-spitze-des-pfahls\/"},"modified":"2019-12-02T16:11:35","modified_gmt":"2019-12-02T15:11:35","slug":"vorwarts-von-der-spitze-des-pfahls","status":"publish","type":"post","link":"https:\/\/victorgiers.com\/wp\/content\/de\/2013\/01\/09\/vorwarts-von-der-spitze-des-pfahls\/","title":{"rendered":"Vorw\u00e4rts von der Spitze des Pfahls"},"content":{"rendered":"<p align=\"LEFT\"><em>Sekiso fragte: &#8220;Wie k\u00f6nnt ihr von der Spitze eines hundert Fu\u00df hohen Pfahls aus vorw\u00e4rtsgehen?&#8221;<br \/>\nEin anderer Zen-Meister sagte: &#8220;Einer, der auf der Spitze eines hundert Fu\u00df hohen Pfahls sitzt, hat eine gewisse H\u00f6he erreicht, aber noch immer geht er mit Zen nicht frei um. Er sollte von dort aus vorw\u00e4rtsgehen und mit seinem ganzen K\u00f6rper in den zehn Teilen der Welt erscheinen.&#8221;<\/em><\/p>\n<p>Mumons Kommentar: Es kann einer Schritt vor Schritt setzen oder sich frei auf der Spitze eines Pfahls herumdrehen. In jedem Falle sollte er anerkannt werden. Ich m\u00f6chte euch M\u00f6nche jedoch fragen: Wie wollt ihr von der Spitze dieses Pfahls aus vorw\u00e4rtsgehen? Pa\u00dft auf!<\/p>\n<p>Der Mensch dem das dritte Auge der Einsicht fehlt, klammert sich an das Ma\u00df von hundert Fu\u00df.<br \/>\nSolch ein Mensch wird dort herunterspringen und sich t\u00f6ten, wie ein Blinder, der andere Blinde in die Irre f\u00fchrt.<\/p>\n","protected":false},"excerpt":{"rendered":"<p>Sekiso fragte: &#8220;Wie k\u00f6nnt ihr von der Spitze eines hundert Fu\u00df hohen Pfahls aus vorw\u00e4rtsgehen?&#8221; Ein anderer Zen-Meister sagte: &#8220;Einer, der auf der Spitze eines hundert Fu\u00df hohen Pfahls sitzt, hat eine gewisse H\u00f6he erreicht, aber noch immer geht er mit Zen nicht frei um. Er sollte von dort aus vorw\u00e4rtsgehen und mit seinem ganzen K\u00f6rper in den zehn Teilen der Welt erscheinen.&#8221; Mumons Kommentar: Es kann einer Schritt vor [&hellip;]<\/p>\n","protected":false},"author":1,"featured_media":0,"comment_status":"closed","ping_status":"open","sticky":false,"template":"","format":"standard","meta":{"footnotes":""},"categories":[72],"tags":[295,296,247,303,304,305,306,300,302],"class_list":["post-99","post","type-post","status-publish","format-standard","hentry","category-allgemein","tag-bewusstsein","tag-buddhismus","tag-freiheit","tag-pfahl","tag-sekiso","tag-spitze","tag-vorwaerts","tag-wach","tag-zen"],"_links":{"self":[{"href":"https:\/\/victorgiers.com\/wp\/content\/wp-json\/wp\/v2\/posts\/99"}],"collection":[{"href":"https:\/\/victorgiers.com\/wp\/content\/wp-json\/wp\/v2\/posts"}],"about":[{"href":"https:\/\/victorgiers.com\/wp\/content\/wp-json\/wp\/v2\/types\/post"}],"author":[{"embeddable":true,"href":"https:\/\/victorgiers.com\/wp\/content\/wp-json\/wp\/v2\/users\/1"}],"replies":[{"embeddable":true,"href":"https:\/\/victorgiers.com\/wp\/content\/wp-json\/wp\/v2\/comments?post=99"}],"version-history":[{"count":0,"href":"https:\/\/victorgiers.com\/wp\/content\/wp-json\/wp\/v2\/posts\/99\/revisions"}],"wp:attachment":[{"href":"https:\/\/victorgiers.com\/wp\/content\/wp-json\/wp\/v2\/media?parent=99"}],"wp:term":[{"taxonomy":"category","embeddable":true,"href":"https:\/\/victorgiers.com\/wp\/content\/wp-json\/wp\/v2\/categories?post=99"},{"taxonomy":"post_tag","embeddable":true,"href":"https:\/\/victorgiers.com\/wp\/content\/wp-json\/wp\/v2\/tags?post=99"}],"curies":[{"name":"wp","href":"https:\/\/api.w.org\/{rel}","templated":true}]}}